{"id":3429,"date":"2026-08-30T20:30:15","date_gmt":"2026-08-30T18:30:15","guid":{"rendered":"https:\/\/www.gsr-bamberg.de\/wordpress\/?p=3429"},"modified":"2026-08-30T20:30:15","modified_gmt":"2026-08-30T18:30:15","slug":"klassensprecherausflug-2025-26","status":"publish","type":"post","link":"https:\/\/www.gsr-bamberg.de\/wordpress\/2026\/08\/30\/klassensprecherausflug-2025-26\/","title":{"rendered":"Klassensprecherausflug 2025\/26"},"content":{"rendered":"<p>Am Vormittag des 28. Juli trafen sich die Klassensprecherinnen und Klassensprecher gemeinsam mit den Verbindungslehrkr\u00e4ften zu einer kurzen Klassensprecherversammlung. Dabei wurde auf das vergangene Schuljahr zur\u00fcckgeblickt und die Aktionen der SMV noch einmal gemeinsam reflektiert.<\/p>\n<p><img loading=\"lazy\" decoding=\"async\" class=\"alignnone size-large wp-image-3430\" src=\"https:\/\/www.gsr-bamberg.de\/wordpress\/wp-content\/uploads\/2026\/08\/20260728_091122-1024x768.jpg\" alt=\"\" width=\"780\" height=\"585\" srcset=\"https:\/\/www.gsr-bamberg.de\/wordpress\/wp-content\/uploads\/2026\/08\/20260728_091122-1024x768.jpg 1024w, https:\/\/www.gsr-bamberg.de\/wordpress\/wp-content\/uploads\/2026\/08\/20260728_091122-300x225.jpg 300w, https:\/\/www.gsr-bamberg.de\/wordpress\/wp-content\/uploads\/2026\/08\/20260728_091122-768x576.jpg 768w, https:\/\/www.gsr-bamberg.de\/wordpress\/wp-content\/uploads\/2026\/08\/20260728_091122-1536x1152.jpg 1536w, https:\/\/www.gsr-bamberg.de\/wordpress\/wp-content\/uploads\/2026\/08\/20260728_091122-2048x1536.jpg 2048w\" sizes=\"auto, (max-width: 780px) 100vw, 780px\" \/><\/p>\n<p>Im Anschluss ging es gemeinsam zum Bowling. Dort verbrachten die Sch\u00fclerinnen und Sch\u00fcler zusammen mit den Verbindungslehrkr\u00e4ften einige unterhaltsame Stunden und lie\u00dfen das Schuljahr in entspannter Atmosph\u00e4re ausklingen. Der gemeinsame Vormittag bot Gelegenheit f\u00fcr gute Gespr\u00e4che, viel Spa\u00df und einen gelungenen Abschluss eines ereignisreichen Schuljahres.<\/p>\n<h6>Text und Organisation: StR Johannes Miekisch<\/h6>\n","protected":false},"excerpt":{"rendered":"<p>Am Vormittag des 28. Juli trafen sich die Klassensprecherinnen und Klassensprecher gemeinsam mit den Verbindungslehrkr\u00e4ften zu einer kurzen Klassensprecherversammlung. Dabei wurde auf das vergangene Schuljahr zur\u00fcckgeblickt und die Aktionen der [&hellip;]<\/p>\n","protected":false},"author":2,"featured_media":3430,"comment_status":"closed","ping_status":"closed","sticky":false,"template":"","format":"standard","meta":{"ngg_post_thumbnail":0,"footnotes":""},"categories":[2,20,6],"tags":[],"class_list":["post-3429","post","type-post","status-publish","format-standard","has-post-thumbnail","hentry","category-klassen","category-schule-unterwegs","category-sport-und-spiel","post-thumbnail-displayed"],"_links":{"self":[{"href":"https:\/\/www.gsr-bamberg.de\/wordpress\/wp-json\/wp\/v2\/posts\/3429","targetHints":{"allow":["GET"]}}],"collection":[{"href":"https:\/\/www.gsr-bamberg.de\/wordpress\/wp-json\/wp\/v2\/posts"}],"about":[{"href":"https:\/\/www.gsr-bamberg.de\/wordpress\/wp-json\/wp\/v2\/types\/post"}],"author":[{"embeddable":true,"href":"https:\/\/www.gsr-bamberg.de\/wordpress\/wp-json\/wp\/v2\/users\/2"}],"replies":[{"embeddable":true,"href":"https:\/\/www.gsr-bamberg.de\/wordpress\/wp-json\/wp\/v2\/comments?post=3429"}],"version-history":[{"count":1,"href":"https:\/\/www.gsr-bamberg.de\/wordpress\/wp-json\/wp\/v2\/posts\/3429\/revisions"}],"predecessor-version":[{"id":3431,"href":"https:\/\/www.gsr-bamberg.de\/wordpress\/wp-json\/wp\/v2\/posts\/3429\/revisions\/3431"}],"wp:featuredmedia":[{"embeddable":true,"href":"https:\/\/www.gsr-bamberg.de\/wordpress\/wp-json\/wp\/v2\/media\/3430"}],"wp:attachment":[{"href":"https:\/\/www.gsr-bamberg.de\/wordpress\/wp-json\/wp\/v2\/media?parent=3429"}],"wp:term":[{"taxonomy":"category","embeddable":true,"href":"https:\/\/www.gsr-bamberg.de\/wordpress\/wp-json\/wp\/v2\/categories?post=3429"},{"taxonomy":"post_tag","embeddable":true,"href":"https:\/\/www.gsr-bamberg.de\/wordpress\/wp-json\/wp\/v2\/tags?post=3429"}],"curies":[{"name":"wp","href":"https:\/\/api.w.org\/{rel}","templated":true}]}}